{"id":38781,"date":"2022-06-23T12:19:45","date_gmt":"2022-06-23T10:19:45","guid":{"rendered":"https:\/\/www.elvendrellturistic.com\/reabre-el-museo-pau-casals-despues-de-las-obras-de-rehabilitacion-arquitectonica-y-renovacion-museografica\/"},"modified":"2022-06-23T12:19:46","modified_gmt":"2022-06-23T10:19:46","slug":"reabre-el-museo-pau-casals-despues-de-las-obras-de-rehabilitacion-arquitectonica-y-renovacion-museografica","status":"publish","type":"post","link":"https:\/\/www.elvendrellturisme.com\/es\/reabre-el-museo-pau-casals-despues-de-las-obras-de-rehabilitacion-arquitectonica-y-renovacion-museografica\/","title":{"rendered":"Reabre el Museo Pau Casals despu\u00e9s de las obras de rehabilitaci\u00f3n arquitect\u00f3nica y renovaci\u00f3n museogr\u00e1fica"},"content":{"rendered":"\n<p>Ayer, 22 de junio, por la tarde, tuvo lugar el acto inaugural de la reapertura, que fue presidido por el Presidente de la Generalitat de Catalu\u00f1a, Pere Aragon\u00e8s, y cont\u00f3 con la presencia y los parlamentos de Dom Manel Guasch Hurios, presidente de la Fundaci\u00f3n y Padre Abad de Montserrat; la vicepresidenta cofundadora de la Fundaci\u00f3n Pau Casals, Marta Casals Istomin; el director de la Representaci\u00f3n de la Comisi\u00f3n Europea en Barcelona, Manuel Szapiro; la presidenta de la Diputaci\u00f3n de Tarragona, Noem\u00ed Llaurad\u00f3 y Kenneth Mart\u00ednez, alcalde del Vendrell.<br\/>Los parlamentos fueron acompa\u00f1ados de un recital a cargo del Coro Z\u00f3ngora del Vendrell, dirigido por Montserrat Meneses, y la violonchelista Carla Conangla, galardonada en 2018 con el premio Ex aequo del Galard\u00f3n Internacional Pau Casals.<\/p>\n\n<p>La Villa Pau Casals, construida por Pau Casals en 1910 y convertida en Museo en 1976, se erige como un edificio referente en clave arquitect\u00f3nica, hist\u00f3rica, museogr\u00e1fica y cultural. La Villa Casals es considerada un edificio de referencia del novecentismo catal\u00e1n; en 2019 el Museo Pau Casals fue declarado Bien Cultural de Inter\u00e9s Local por el Ayuntamiento del Vendrell y posteriormente, el 2020, fue declarado Museo de Inter\u00e9s Nacional por la Generalitat de Catalu\u00f1a.<\/p>\n\n<p><strong>Proyecto de rehabilitaci\u00f3n<\/strong><br\/>L\u2018actualizaci\u00f3n museogr\u00e1fica ha puesto en el centro del discurso el legado musical y los valores human\u00edsticos de Pau Casals. Para hacerlo posible se han introducido nuevos elementos y contenidos alrededor de su figura, fruto de investigaciones y de mejoras recientes en la gesti\u00f3n documental. Adem\u00e1s, se ha apostado para introducir nuevos recursos audiovisuales e interactivos y se ha abierto una nueva sala de consulta donde los visitantes podr\u00e1n disfrutar de la m\u00fasica interpretada, dirigida y creada por Pau Casals a trav\u00e9s de grabaciones originales. Esta nueva propuesta museogr\u00e1fica se ha llevado a cabo manteniendo el esp\u00edritu de la casa, tanto distintivo del Museo Pau Casals.En cuanto a la intervenci\u00f3n arquitect\u00f3nica, se ha centrado en resolver principalmente los procesos de degradaci\u00f3n del edificio relacionados con su proximidad en el mar. Adem\u00e1s, tambi\u00e9n se ha apostado para actualizar con criterios de eficiencia energ\u00e9tica, sostenibilidad y tecnol\u00f3gica en los sistemas de clima, electricidad, iluminaci\u00f3n y seguridad. Uno de los otros objetivos ha sido la recuperaci\u00f3n de algunos espacios originales de la casa, restituyendo su apariencia original, como en el caso del jard\u00edn.El proyecto ha sido financiado por la Generalitat de Catalu\u00f1a, dentro del proyecto de rehabilitaci\u00f3n arquitect\u00f3nica y museogr\u00e1fica *PO FEDER de Catalu\u00f1a 2014\u2010 2020 de operaciones en el \u00e1mbito de las equipaciones muse\u00edsticas, la Diputaci\u00f3n de Tarragona y el Ayuntamiento del Vendrell.<\/p>\n\n<p><strong>Jornada de Puertas Abiertas<\/strong><br\/>Para celebrarlo, el Museo Pau Casals ofrecer\u00e1 unas Jornadas de Puertas Abiertas los d\u00edas 23 y 24 de junio para que todo el mundo tenga la oportunidad de visitar y disfrutar de la nueva exposici\u00f3n y de las mejoras arquitect\u00f3nicas e innovaciones que se han implementado para actualizar el discurso del museo, y sobre todo, para volver a vivir la esencia de Pau Casals y su casa.<\/p>&#13;\n<p>Para garantizar un buen funcionamiento de la jornada, es imprescindible adquirir la entrada previa a trav\u00e9s de la p\u00e1gina web del Museo: https:\/\/www.paucasals.org\/activitat\/jornada-portes-obertes-reobertura-museu-pau-casals\/<\/p>\n\n<p>El horario de apertura de las Jornadas de Puertas Abiertas ser\u00e1: jueves 23 de junio de 10-14 h y de 16-19 h y el viernes 24 de junio de 10-14 h.<\/p>\n","protected":false},"excerpt":{"rendered":"<p>Ayer, 22 de junio, por la tarde, tuvo lugar el acto inaugural de la reapertura, que fue presidido por el Presidente de la Generalitat de Catalu\u00f1a, Pere Aragon\u00e8s, y cont\u00f3 con la presencia y los parlamentos de Dom Manel Guasch Hurios, presidente de la Fundaci\u00f3n y Padre Abad de Montserrat; la vicepresidenta cofundadora de la [&hellip;]<\/p>\n","protected":false},"author":3,"featured_media":26025,"comment_status":"closed","ping_status":"closed","sticky":false,"template":"","format":"standard","meta":{"_acf_changed":false,"_et_pb_use_builder":"","_et_pb_old_content":"","_et_gb_content_width":"","content-type":"","footnotes":""},"categories":[112],"tags":[],"dipi_cpt_category":[],"class_list":["post-38781","post","type-post","status-publish","format-standard","has-post-thumbnail","hentry","category-noticias"],"acf":[],"_links":{"self":[{"href":"https:\/\/www.elvendrellturisme.com\/es\/wp-json\/wp\/v2\/posts\/38781","targetHints":{"allow":["GET"]}}],"collection":[{"href":"https:\/\/www.elvendrellturisme.com\/es\/wp-json\/wp\/v2\/posts"}],"about":[{"href":"https:\/\/www.elvendrellturisme.com\/es\/wp-json\/wp\/v2\/types\/post"}],"author":[{"embeddable":true,"href":"https:\/\/www.elvendrellturisme.com\/es\/wp-json\/wp\/v2\/users\/3"}],"replies":[{"embeddable":true,"href":"https:\/\/www.elvendrellturisme.com\/es\/wp-json\/wp\/v2\/comments?post=38781"}],"version-history":[{"count":1,"href":"https:\/\/www.elvendrellturisme.com\/es\/wp-json\/wp\/v2\/posts\/38781\/revisions"}],"predecessor-version":[{"id":38782,"href":"https:\/\/www.elvendrellturisme.com\/es\/wp-json\/wp\/v2\/posts\/38781\/revisions\/38782"}],"wp:featuredmedia":[{"embeddable":true,"href":"https:\/\/www.elvendrellturisme.com\/es\/wp-json\/wp\/v2\/media\/26025"}],"wp:attachment":[{"href":"https:\/\/www.elvendrellturisme.com\/es\/wp-json\/wp\/v2\/media?parent=38781"}],"wp:term":[{"taxonomy":"category","embeddable":true,"href":"https:\/\/www.elvendrellturisme.com\/es\/wp-json\/wp\/v2\/categories?post=38781"},{"taxonomy":"post_tag","embeddable":true,"href":"https:\/\/www.elvendrellturisme.com\/es\/wp-json\/wp\/v2\/tags?post=38781"},{"taxonomy":"dipi_cpt_category","embeddable":true,"href":"https:\/\/www.elvendrellturisme.com\/es\/wp-json\/wp\/v2\/dipi_cpt_category?post=38781"}],"curies":[{"name":"wp","href":"https:\/\/api.w.org\/{rel}","templated":true}]}}